{"id":1324,"date":"2026-03-12T03:22:08","date_gmt":"2026-03-12T03:22:08","guid":{"rendered":"https:\/\/noticiasfox.com\/?p=1324"},"modified":"2026-03-12T03:22:09","modified_gmt":"2026-03-12T03:22:09","slug":"un-pasaporte-al-mundo-la-feria-internacional-folklorica-celebra-50-anos","status":"publish","type":"post","link":"https:\/\/noticiasfox.com\/?p=1324","title":{"rendered":"Un pasaporte al mundo: la Feria Internacional Folkl\u00f3rica celebra 50 a\u00f1os"},"content":{"rendered":"\n<p>La diversidad cultural es una de las mayores riquezas de cualquier comunidad, y pocos eventos la celebran tan intensamente como la <strong>Feria Internacional Folkl\u00f3rica<\/strong>. Este a\u00f1o, el evento conmemora su <strong>50.\u00ba aniversario<\/strong>, consolid\u00e1ndose como una de las tradiciones culturales m\u00e1s queridas de la regi\u00f3n y un verdadero <strong>\u201cpasaporte al mundo\u201d<\/strong> para quienes la visitan.<\/p>\n\n\n\n<p>Durante cinco d\u00e9cadas, esta feria ha reunido a comunidades de distintos pa\u00edses para compartir lo mejor de sus tradiciones: gastronom\u00eda, m\u00fasica, danzas, artesan\u00edas y costumbres que reflejan la identidad de cada cultura.<\/p>\n\n\n\n<h2 class=\"wp-block-heading\">Un viaje cultural sin salir de la ciudad<\/h2>\n\n\n\n<p>La Feria Internacional Folkl\u00f3rica permite a los asistentes <strong>viajar por el mundo en un solo lugar<\/strong>. Cada pabell\u00f3n representa un pa\u00eds o una regi\u00f3n, donde voluntarios y representantes culturales muestran con orgullo su herencia.<\/p>\n\n\n\n<p>Entre las experiencias m\u00e1s populares del evento destacan:<\/p>\n\n\n\n<ul class=\"wp-block-list\">\n<li><strong>Comida tradicional<\/strong> preparada por comunidades internacionales<\/li>\n\n\n\n<li><strong>Bailes y presentaciones folkl\u00f3ricas<\/strong> en vivo<\/li>\n\n\n\n<li><strong>Artesan\u00edas y productos culturales<\/strong> \u00fanicos<\/li>\n\n\n\n<li><strong>M\u00fasica t\u00edpica<\/strong> de diferentes partes del mundo<\/li>\n\n\n\n<li><strong>Actividades educativas<\/strong> para aprender sobre nuevas culturas<\/li>\n<\/ul>\n\n\n\n<p>Desde sabores europeos hasta ritmos caribe\u00f1os, pasando por tradiciones asi\u00e1ticas, africanas y latinoamericanas, la feria ofrece una experiencia multicultural completa.<\/p>\n\n\n\n<h2 class=\"wp-block-heading\">50 a\u00f1os uniendo culturas<\/h2>\n\n\n\n<p>Llegar a los <strong>50 a\u00f1os de historia<\/strong> es un logro significativo para cualquier evento comunitario. A lo largo de su trayectoria, la Feria Internacional Folkl\u00f3rica ha logrado reunir a miles de visitantes cada a\u00f1o, convirti\u00e9ndose en un espacio donde <strong>personas de diferentes or\u00edgenes pueden celebrar su identidad y aprender unos de otros<\/strong>.<\/p>\n\n\n\n<p>Adem\u00e1s de ser un evento festivo, la feria tambi\u00e9n cumple una funci\u00f3n importante: <strong>preservar tradiciones culturales<\/strong> y transmitirlas a las nuevas generaciones. Muchas familias participan a\u00f1o tras a\u00f1o, manteniendo vivas sus costumbres y comparti\u00e9ndolas con el p\u00fablico.<\/p>\n\n\n\n<h2 class=\"wp-block-heading\">Un evento para toda la familia<\/h2>\n\n\n\n<p>Uno de los aspectos m\u00e1s atractivos de la feria es su ambiente familiar. Ni\u00f1os, j\u00f3venes y adultos pueden disfrutar de actividades dise\u00f1adas para todas las edades. Los espect\u00e1culos de danza, los desfiles culturales y las degustaciones gastron\u00f3micas convierten cada visita en una experiencia inolvidable.<\/p>\n\n\n\n<p>Para quienes disfrutan descubrir nuevas culturas, probar platos diferentes y conocer personas de todo el mundo, este evento es una oportunidad \u00fanica.<\/p>\n\n\n\n<h2 class=\"wp-block-heading\">Celebrando medio siglo de tradici\u00f3n<\/h2>\n\n\n\n<p>El <strong>50.\u00ba aniversario<\/strong> de la Feria Internacional Folkl\u00f3rica no solo celebra su historia, sino tambi\u00e9n el impacto que ha tenido en la comunidad. A lo largo de los a\u00f1os, ha servido como un puente entre culturas, fomentando el respeto, la curiosidad y la conexi\u00f3n entre personas de distintos pa\u00edses.<\/p>\n\n\n\n<p>M\u00e1s que una feria, este evento representa <strong>un encuentro global en miniatura<\/strong>, donde cada visitante puede explorar el mundo sin necesidad de tomar un avi\u00f3n.<\/p>\n\n\n\n<p>Despu\u00e9s de medio siglo, la Feria Internacional Folkl\u00f3rica contin\u00faa demostrando que <strong>la cultura tiene el poder de unir a las personas<\/strong>, record\u00e1ndonos que, aunque venimos de diferentes lugares, todos compartimos la alegr\u00eda de celebrar nuestras tradiciones. \ud83c\udf0d\u2728<\/p>\n","protected":false},"excerpt":{"rendered":"<p>La diversidad cultural es una de las mayores riquezas de cualquier comunidad, y pocos eventos la celebran tan intensamente como la Feria Internacional Folkl\u00f3rica. Este a\u00f1o, el evento conmemora su 50.\u00ba aniversario, consolid\u00e1ndose como una de las tradiciones culturales m\u00e1s queridas de la regi\u00f3n y un verdadero \u201cpasaporte al mundo\u201d para quienes la visitan. Durante [&hellip;]<\/p>\n","protected":false},"author":2,"featured_media":1325,"comment_status":"open","ping_status":"open","sticky":false,"template":"","format":"standard","meta":{"footnotes":""},"categories":[172],"tags":[],"class_list":["post-1324","post","type-post","status-publish","format-standard","has-post-thumbnail","hentry","category-eventos"],"_links":{"self":[{"href":"https:\/\/noticiasfox.com\/index.php?rest_route=\/wp\/v2\/posts\/1324","targetHints":{"allow":["GET"]}}],"collection":[{"href":"https:\/\/noticiasfox.com\/index.php?rest_route=\/wp\/v2\/posts"}],"about":[{"href":"https:\/\/noticiasfox.com\/index.php?rest_route=\/wp\/v2\/types\/post"}],"author":[{"embeddable":true,"href":"https:\/\/noticiasfox.com\/index.php?rest_route=\/wp\/v2\/users\/2"}],"replies":[{"embeddable":true,"href":"https:\/\/noticiasfox.com\/index.php?rest_route=%2Fwp%2Fv2%2Fcomments&post=1324"}],"version-history":[{"count":1,"href":"https:\/\/noticiasfox.com\/index.php?rest_route=\/wp\/v2\/posts\/1324\/revisions"}],"predecessor-version":[{"id":1326,"href":"https:\/\/noticiasfox.com\/index.php?rest_route=\/wp\/v2\/posts\/1324\/revisions\/1326"}],"wp:featuredmedia":[{"embeddable":true,"href":"https:\/\/noticiasfox.com\/index.php?rest_route=\/wp\/v2\/media\/1325"}],"wp:attachment":[{"href":"https:\/\/noticiasfox.com\/index.php?rest_route=%2Fwp%2Fv2%2Fmedia&parent=1324"}],"wp:term":[{"taxonomy":"category","embeddable":true,"href":"https:\/\/noticiasfox.com\/index.php?rest_route=%2Fwp%2Fv2%2Fcategories&post=1324"},{"taxonomy":"post_tag","embeddable":true,"href":"https:\/\/noticiasfox.com\/index.php?rest_route=%2Fwp%2Fv2%2Ftags&post=1324"}],"curies":[{"name":"wp","href":"https:\/\/api.w.org\/{rel}","templated":true}]}}