{"id":1504,"date":"2026-09-05T00:20:29","date_gmt":"2026-09-05T00:20:29","guid":{"rendered":"https:\/\/noticiasfox.com\/?p=1504"},"modified":"2026-09-05T00:20:30","modified_gmt":"2026-09-05T00:20:30","slug":"semana-de-la-moda-de-nueva-york-el-evento-de-tendencias-y-cultura-pop-que-paraliza-septiembre","status":"publish","type":"post","link":"https:\/\/noticiasfox.com\/?p=1504","title":{"rendered":"Semana de la Moda de Nueva York: El Evento de Tendencias y Cultura Pop que Paraliza Septiembre"},"content":{"rendered":"\n<p class=\"wp-block-paragraph\">Este mes de septiembre, la ciudad de Nueva York vuelve a convertirse en la capital mundial del estilo. La <strong>New York Fashion Week (NYFW)<\/strong> inaugura el famoso \u00abMes de la Moda\u00bb, reuniendo a los dise\u00f1adores m\u00e1s influyentes del planeta, marcas emergentes, celebridades y creadores de contenido de todo el mundo.<\/p>\n\n\n\n<p class=\"wp-block-paragraph\">Durante una semana completa, Manhattan y Brooklyn se transforman en una gran pasarela donde no solo se define la ropa que veremos el pr\u00f3ximo a\u00f1o, sino las tendencias de la cultura pop global.<\/p>\n\n\n\n<hr class=\"wp-block-separator has-alpha-channel-opacity\"\/>\n\n\n\n<h3 class=\"wp-block-heading\">\u00bfPor qu\u00e9 es un evento clave de septiembre?<\/h3>\n\n\n\n<ul class=\"wp-block-list\">\n<li><strong>Lanzamientos Globales:<\/strong> Casas de moda de renombre internacional presentan sus colecciones primavera-verano, marcando el ritmo de la industria textil.<\/li>\n\n\n\n<li><strong>El Fen\u00f3meno del Street Style:<\/strong> Fuera de los desfiles oficiales, las calles de Nueva York se llenan de estilismos vanguardistas capturados por fot\u00f3grafos de todo el mundo.<\/li>\n\n\n\n<li><strong>Cruce de Celebridades y M\u00fasica:<\/strong> Desde alfombras rojas hasta fiestas exclusivas, el evento re\u00fane a figuras de Hollywood, la m\u00fasica y las redes sociales.<\/li>\n<\/ul>\n\n\n\n<hr class=\"wp-block-separator has-alpha-channel-opacity\"\/>\n\n\n\n<h3 class=\"wp-block-heading\">Datos Clave del Evento<\/h3>\n\n\n\n<figure class=\"wp-block-table\"><table class=\"has-fixed-layout\"><thead><tr><td><strong>Detalle<\/strong><\/td><td><strong>Informaci\u00f3n<\/strong><\/td><\/tr><\/thead><tbody><tr><td><strong>Fecha<\/strong><\/td><td>Septiembre<\/td><\/tr><tr><td><strong>Ubicaci\u00f3n Principal<\/strong><\/td><td>Spring Studios (Manhattan) y sedes ic\u00f3nicas de Nueva York<\/td><\/tr><tr><td><strong>Enfoque<\/strong><\/td><td>Alta costura, pr\u00eat-\u00e0-porter y tendencias urbanas<\/td><\/tr><tr><td><strong>Audiencia<\/strong><\/td><td>Industria de la moda, prensa internacional y p\u00fablico global<\/td><\/tr><\/tbody><\/table><\/figure>\n\n\n\n<hr class=\"wp-block-separator has-alpha-channel-opacity\"\/>\n\n\n\n<h3 class=\"wp-block-heading\">Impacto en la Industria<\/h3>\n\n\n\n<p class=\"wp-block-paragraph\">M\u00e1s all\u00e1 de la ropa, la NYFW marca la pauta de la fotograf\u00eda, la m\u00fasica para pasarelas y el marketing de consumo global, convirti\u00e9ndose en el espect\u00e1culo de cultura urbana y dise\u00f1o m\u00e1s seguido del inicio de oto\u00f1o.<\/p>\n\n\n\n<p class=\"wp-block-paragraph\">\u00bfSueles seguir las tendencias de la moda o cu\u00e1l es tu dise\u00f1ador favorito? \u00a1Cu\u00e9ntanos en los comentarios!<\/p>\n","protected":false},"excerpt":{"rendered":"<p>Este mes de septiembre, la ciudad de Nueva York vuelve a convertirse en la capital mundial del estilo. La New York Fashion Week (NYFW) inaugura el famoso \u00abMes de la Moda\u00bb, reuniendo a los dise\u00f1adores m\u00e1s influyentes del planeta, marcas emergentes, celebridades y creadores de contenido de todo el mundo. Durante una semana completa, Manhattan [&hellip;]<\/p>\n","protected":false},"author":2,"featured_media":1505,"comment_status":"open","ping_status":"open","sticky":false,"template":"","format":"standard","meta":{"footnotes":""},"categories":[172],"tags":[],"class_list":["post-1504","post","type-post","status-publish","format-standard","has-post-thumbnail","hentry","category-eventos"],"_links":{"self":[{"href":"https:\/\/noticiasfox.com\/index.php?rest_route=\/wp\/v2\/posts\/1504","targetHints":{"allow":["GET"]}}],"collection":[{"href":"https:\/\/noticiasfox.com\/index.php?rest_route=\/wp\/v2\/posts"}],"about":[{"href":"https:\/\/noticiasfox.com\/index.php?rest_route=\/wp\/v2\/types\/post"}],"author":[{"embeddable":true,"href":"https:\/\/noticiasfox.com\/index.php?rest_route=\/wp\/v2\/users\/2"}],"replies":[{"embeddable":true,"href":"https:\/\/noticiasfox.com\/index.php?rest_route=%2Fwp%2Fv2%2Fcomments&post=1504"}],"version-history":[{"count":1,"href":"https:\/\/noticiasfox.com\/index.php?rest_route=\/wp\/v2\/posts\/1504\/revisions"}],"predecessor-version":[{"id":1506,"href":"https:\/\/noticiasfox.com\/index.php?rest_route=\/wp\/v2\/posts\/1504\/revisions\/1506"}],"wp:featuredmedia":[{"embeddable":true,"href":"https:\/\/noticiasfox.com\/index.php?rest_route=\/wp\/v2\/media\/1505"}],"wp:attachment":[{"href":"https:\/\/noticiasfox.com\/index.php?rest_route=%2Fwp%2Fv2%2Fmedia&parent=1504"}],"wp:term":[{"taxonomy":"category","embeddable":true,"href":"https:\/\/noticiasfox.com\/index.php?rest_route=%2Fwp%2Fv2%2Fcategories&post=1504"},{"taxonomy":"post_tag","embeddable":true,"href":"https:\/\/noticiasfox.com\/index.php?rest_route=%2Fwp%2Fv2%2Ftags&post=1504"}],"curies":[{"name":"wp","href":"https:\/\/api.w.org\/{rel}","templated":true}]}}